{"id":1028,"date":"2020-05-07T15:13:02","date_gmt":"2020-05-07T13:13:02","guid":{"rendered":"http:\/\/judofenouillet.fr\/?p=1028"},"modified":"2020-05-15T13:08:34","modified_gmt":"2020-05-15T11:08:34","slug":"un-point-sur-le-confinement","status":"publish","type":"post","link":"https:\/\/judofenouillet.fr\/index.php\/2020\/05\/07\/un-point-sur-le-confinement\/","title":{"rendered":"Un point sur le confinement&#8230;"},"content":{"rendered":"\n<p>Comme vous le savez sans doute le confinement sous sa forme actuelle avec autorisation d\u00e9rogatoire de sorties a pris fin le 11 mai.<br>Pour autant cela ne signifie pas une reprise imm\u00e9diate des activit\u00e9s sportives&#8230;<br>En effet il faudra <strong>attendre le 2 juin et la deuxi\u00e8me phase du d\u00e9-confinement<\/strong>, pour esp\u00e9rer une possible r\u00e9ouverture des salles&#8230;<br>\u00e0 partir du 11 mai, les regroupements de moins de 10 personnes seront possibles pour pratiquer une activit\u00e9 physique respectant la \u00ab\u00a0distanciation sociale\u00a0\u00bb et en plein air, autant dire que le judo sera difficilement praticable&#8230; <br><br>Du coup : <strong>on maintient les 2 rendez vous hebdomadaires (<a href=\"https:\/\/judofenouillet.fr\/index.php\/2020\/04\/13\/judo-live-a-venir\">voir page explicative<\/a>).<\/strong><br><br>Et on esp\u00e8re une am\u00e9lioration de la situation qui nous permettrait de  mettre en place le <a href=\"https:\/\/fr.calameo.com\/read\/003279326d3ed25631198\">plan de d\u00e9-confinement de la f\u00e9d\u00e9ration Fran\u00e7aise de judo<\/a> avec l&rsquo;accord d&rsquo;utilisation des locaux pr\u00e9alable de la mairie (et avec la mise en place de r\u00e8gles sanitaires drastiques)&#8230;<br>De plus, toujours si les conditions nous le permettent, sont \u00e0 l&rsquo;\u00e9tude des stages pendant la p\u00e9riode estivale (au d\u00e9but des vacances en juillet, et avant la reprise \u00e0 la fin Ao\u00fbt).  <br>(Judokas du club r\u00e9pondez au sondage :  <a rel=\"noreferrer noopener\" target=\"_blank\" href=\"https:\/\/forms.office.com\/Pages\/ResponsePage.aspx?id=Dw-K31lW5Eqt27NMgaB-kRuowwlkubRElKw0TJa_FAhUQ05IS1NHTkFRREFVSzZXVjlRSFZQRlNJQy4u\">https:\/\/forms.office.com\/Pages\/ResponsePage.aspx?id=Dw-K31lW5Eqt27NMgaB-kRuowwlkubRElKw0TJa_FAhUQ05IS1NHTkFRREFVSzZXVjlRSFZQRlNJQy4u<\/a>  )<br><br>Bref malheureusement beaucoup de flou, mais en esp\u00e9rant le principal, que <strong>vous et vos familles soyez en bonne sant\u00e9<\/strong>&#8230;<br>Alors faites du sport!<\/p>\n\n\n\n<blockquote class=\"wp-block-quote is-layout-flow wp-block-quote-is-layout-flow\"><p><br>ci joint quelques r\u00e9visions propos\u00e9es par Ludo : <br> <a href=\"https:\/\/www.youtube.com\/playlist?list=PLjLFui_SB-Q3Ev1yKuyx8SBOVlJAl7YTD\">https:\/\/www.youtube.com\/playlist?list=PLjLFui_SB-Q3Ev1yKuyx8SBOVlJAl7YTD<\/a> <\/p><\/blockquote>\n","protected":false},"excerpt":{"rendered":"<p>Comme vous le savez sans doute le confinement sous sa forme actuelle avec autorisation d\u00e9rogatoire de sorties a pris fin le 11 mai.Pour autant cela ne signifie pas une reprise imm\u00e9diate des activit\u00e9s sportives&#8230;En effet il faudra attendre le 2 juin et la deuxi\u00e8me phase du d\u00e9-confinement, pour esp\u00e9rer une possible r\u00e9ouverture des salles&#8230;\u00e0 partir &hellip; <a href=\"https:\/\/judofenouillet.fr\/index.php\/2020\/05\/07\/un-point-sur-le-confinement\/\" class=\"more-link\">Continue reading <span class=\"screen-reader-text\">Un point sur le confinement&#8230;<\/span><\/a><\/p>\n","protected":false},"author":2,"featured_media":0,"comment_status":"open","ping_status":"open","sticky":false,"template":"","format":"standard","meta":{"_jetpack_memberships_contains_paid_content":false,"footnotes":""},"categories":[18,12],"tags":[],"class_list":["post-1028","post","type-post","status-publish","format-standard","hentry","category-18","category-actus"],"jetpack_featured_media_url":"","jetpack_sharing_enabled":true,"_links":{"self":[{"href":"https:\/\/judofenouillet.fr\/index.php\/wp-json\/wp\/v2\/posts\/1028"}],"collection":[{"href":"https:\/\/judofenouillet.fr\/index.php\/wp-json\/wp\/v2\/posts"}],"about":[{"href":"https:\/\/judofenouillet.fr\/index.php\/wp-json\/wp\/v2\/types\/post"}],"author":[{"embeddable":true,"href":"https:\/\/judofenouillet.fr\/index.php\/wp-json\/wp\/v2\/users\/2"}],"replies":[{"embeddable":true,"href":"https:\/\/judofenouillet.fr\/index.php\/wp-json\/wp\/v2\/comments?post=1028"}],"version-history":[{"count":5,"href":"https:\/\/judofenouillet.fr\/index.php\/wp-json\/wp\/v2\/posts\/1028\/revisions"}],"predecessor-version":[{"id":1063,"href":"https:\/\/judofenouillet.fr\/index.php\/wp-json\/wp\/v2\/posts\/1028\/revisions\/1063"}],"wp:attachment":[{"href":"https:\/\/judofenouillet.fr\/index.php\/wp-json\/wp\/v2\/media?parent=1028"}],"wp:term":[{"taxonomy":"category","embeddable":true,"href":"https:\/\/judofenouillet.fr\/index.php\/wp-json\/wp\/v2\/categories?post=1028"},{"taxonomy":"post_tag","embeddable":true,"href":"https:\/\/judofenouillet.fr\/index.php\/wp-json\/wp\/v2\/tags?post=1028"}],"curies":[{"name":"wp","href":"https:\/\/api.w.org\/{rel}","templated":true}]}}