{"id":855,"date":"2018-06-20T20:00:00","date_gmt":"2018-06-20T18:00:00","guid":{"rendered":"http:\/\/judofenouillet.fr\/?p=855"},"modified":"2020-03-12T15:33:10","modified_gmt":"2020-03-12T14:33:10","slug":"assemblee-generale-et-remise-des-ceintures","status":"publish","type":"post","link":"https:\/\/judofenouillet.fr\/index.php\/2018\/06\/20\/assemblee-generale-et-remise-des-ceintures\/","title":{"rendered":"Assembl\u00e9e G\u00e9n\u00e9rale et Remise des ceintures"},"content":{"rendered":"\n<p> Rendez vous \u00e0 18h00 au dojo pour la remise des ceintures et le bilan de la saison sportive. Nous cl\u00f4turerons la soir\u00e9e par un pot de l&rsquo;amiti\u00e9. Venez nombreux ! <\/p>\n\n\n\n<figure class=\"wp-block-gallery columns-4 is-cropped wp-block-gallery-1 is-layout-flex wp-block-gallery-is-layout-flex\"><ul class=\"blocks-gallery-grid\"><li class=\"blocks-gallery-item\"><figure><a href=\"https:\/\/judofenouillet.fr\/index.php\/2018\/06\/20\/assemblee-generale-et-remise-des-ceintures\/dsc_0043\/\"><img loading=\"lazy\" decoding=\"async\" width=\"1024\" height=\"683\" src=\"https:\/\/judofenouillet.fr\/wp-content\/uploads\/2020\/03\/DSC_0043-1024x683.jpg\" alt=\"\" data-id=\"857\" data-link=\"https:\/\/judofenouillet.fr\/index.php\/2018\/06\/20\/assemblee-generale-et-remise-des-ceintures\/dsc_0043\/\" class=\"wp-image-857\" srcset=\"https:\/\/judofenouillet.fr\/wp-content\/uploads\/2020\/03\/DSC_0043-1024x683.jpg 1024w, https:\/\/judofenouillet.fr\/wp-content\/uploads\/2020\/03\/DSC_0043-300x200.jpg 300w, https:\/\/judofenouillet.fr\/wp-content\/uploads\/2020\/03\/DSC_0043-768x512.jpg 768w, https:\/\/judofenouillet.fr\/wp-content\/uploads\/2020\/03\/DSC_0043-1536x1024.jpg 1536w, https:\/\/judofenouillet.fr\/wp-content\/uploads\/2020\/03\/DSC_0043-2048x1365.jpg 2048w\" sizes=\"(max-width: 1024px) 100vw, 1024px\" \/><\/a><\/figure><\/li><li class=\"blocks-gallery-item\"><figure><a href=\"https:\/\/judofenouillet.fr\/index.php\/2018\/06\/20\/assemblee-generale-et-remise-des-ceintures\/dsc_0044\/\"><img loading=\"lazy\" decoding=\"async\" width=\"1024\" height=\"683\" src=\"https:\/\/judofenouillet.fr\/wp-content\/uploads\/2020\/03\/DSC_0044-1024x683.jpg\" alt=\"\" data-id=\"858\" data-link=\"https:\/\/judofenouillet.fr\/index.php\/2018\/06\/20\/assemblee-generale-et-remise-des-ceintures\/dsc_0044\/\" class=\"wp-image-858\" srcset=\"https:\/\/judofenouillet.fr\/wp-content\/uploads\/2020\/03\/DSC_0044-1024x683.jpg 1024w, https:\/\/judofenouillet.fr\/wp-content\/uploads\/2020\/03\/DSC_0044-300x200.jpg 300w, https:\/\/judofenouillet.fr\/wp-content\/uploads\/2020\/03\/DSC_0044-768x512.jpg 768w, https:\/\/judofenouillet.fr\/wp-content\/uploads\/2020\/03\/DSC_0044-1536x1024.jpg 1536w, https:\/\/judofenouillet.fr\/wp-content\/uploads\/2020\/03\/DSC_0044-2048x1365.jpg 2048w\" sizes=\"(max-width: 1024px) 100vw, 1024px\" \/><\/a><\/figure><\/li><li class=\"blocks-gallery-item\"><figure><a href=\"https:\/\/judofenouillet.fr\/index.php\/2018\/06\/20\/assemblee-generale-et-remise-des-ceintures\/dsc_0045\/\"><img loading=\"lazy\" decoding=\"async\" width=\"683\" height=\"1024\" src=\"https:\/\/judofenouillet.fr\/wp-content\/uploads\/2020\/03\/DSC_0045-683x1024.jpg\" alt=\"\" data-id=\"859\" data-link=\"https:\/\/judofenouillet.fr\/index.php\/2018\/06\/20\/assemblee-generale-et-remise-des-ceintures\/dsc_0045\/\" class=\"wp-image-859\" srcset=\"https:\/\/judofenouillet.fr\/wp-content\/uploads\/2020\/03\/DSC_0045-683x1024.jpg 683w, https:\/\/judofenouillet.fr\/wp-content\/uploads\/2020\/03\/DSC_0045-200x300.jpg 200w, https:\/\/judofenouillet.fr\/wp-content\/uploads\/2020\/03\/DSC_0045-768x1152.jpg 768w, https:\/\/judofenouillet.fr\/wp-content\/uploads\/2020\/03\/DSC_0045-1024x1536.jpg 1024w, https:\/\/judofenouillet.fr\/wp-content\/uploads\/2020\/03\/DSC_0045-1365x2048.jpg 1365w, https:\/\/judofenouillet.fr\/wp-content\/uploads\/2020\/03\/DSC_0045-scaled.jpg 1707w\" sizes=\"(max-width: 683px) 100vw, 683px\" \/><\/a><\/figure><\/li><li class=\"blocks-gallery-item\"><figure><a href=\"https:\/\/judofenouillet.fr\/index.php\/2018\/06\/20\/assemblee-generale-et-remise-des-ceintures\/dsc_0053\/\"><img loading=\"lazy\" decoding=\"async\" width=\"1024\" height=\"683\" src=\"https:\/\/judofenouillet.fr\/wp-content\/uploads\/2020\/03\/DSC_0053-1024x683.jpg\" alt=\"\" data-id=\"860\" data-link=\"https:\/\/judofenouillet.fr\/index.php\/2018\/06\/20\/assemblee-generale-et-remise-des-ceintures\/dsc_0053\/\" class=\"wp-image-860\" srcset=\"https:\/\/judofenouillet.fr\/wp-content\/uploads\/2020\/03\/DSC_0053-1024x683.jpg 1024w, https:\/\/judofenouillet.fr\/wp-content\/uploads\/2020\/03\/DSC_0053-300x200.jpg 300w, https:\/\/judofenouillet.fr\/wp-content\/uploads\/2020\/03\/DSC_0053-768x512.jpg 768w, https:\/\/judofenouillet.fr\/wp-content\/uploads\/2020\/03\/DSC_0053-1536x1024.jpg 1536w, https:\/\/judofenouillet.fr\/wp-content\/uploads\/2020\/03\/DSC_0053-2048x1365.jpg 2048w\" sizes=\"(max-width: 1024px) 100vw, 1024px\" \/><\/a><\/figure><\/li><li class=\"blocks-gallery-item\"><figure><a href=\"https:\/\/judofenouillet.fr\/index.php\/2018\/06\/20\/assemblee-generale-et-remise-des-ceintures\/dsc_0055\/\"><img loading=\"lazy\" decoding=\"async\" width=\"1024\" height=\"683\" src=\"https:\/\/judofenouillet.fr\/wp-content\/uploads\/2020\/03\/DSC_0055-1024x683.jpg\" alt=\"\" data-id=\"861\" data-link=\"https:\/\/judofenouillet.fr\/index.php\/2018\/06\/20\/assemblee-generale-et-remise-des-ceintures\/dsc_0055\/\" class=\"wp-image-861\" srcset=\"https:\/\/judofenouillet.fr\/wp-content\/uploads\/2020\/03\/DSC_0055-1024x683.jpg 1024w, https:\/\/judofenouillet.fr\/wp-content\/uploads\/2020\/03\/DSC_0055-300x200.jpg 300w, https:\/\/judofenouillet.fr\/wp-content\/uploads\/2020\/03\/DSC_0055-768x512.jpg 768w, https:\/\/judofenouillet.fr\/wp-content\/uploads\/2020\/03\/DSC_0055-1536x1024.jpg 1536w, https:\/\/judofenouillet.fr\/wp-content\/uploads\/2020\/03\/DSC_0055-2048x1365.jpg 2048w\" sizes=\"(max-width: 1024px) 100vw, 1024px\" \/><\/a><\/figure><\/li><li class=\"blocks-gallery-item\"><figure><a href=\"https:\/\/judofenouillet.fr\/index.php\/2018\/06\/20\/assemblee-generale-et-remise-des-ceintures\/dsc_0057\/\"><img loading=\"lazy\" decoding=\"async\" width=\"1024\" height=\"683\" src=\"https:\/\/judofenouillet.fr\/wp-content\/uploads\/2020\/03\/DSC_0057-1024x683.jpg\" alt=\"\" data-id=\"863\" data-link=\"https:\/\/judofenouillet.fr\/index.php\/2018\/06\/20\/assemblee-generale-et-remise-des-ceintures\/dsc_0057\/\" class=\"wp-image-863\" srcset=\"https:\/\/judofenouillet.fr\/wp-content\/uploads\/2020\/03\/DSC_0057-1024x683.jpg 1024w, https:\/\/judofenouillet.fr\/wp-content\/uploads\/2020\/03\/DSC_0057-300x200.jpg 300w, https:\/\/judofenouillet.fr\/wp-content\/uploads\/2020\/03\/DSC_0057-768x512.jpg 768w, https:\/\/judofenouillet.fr\/wp-content\/uploads\/2020\/03\/DSC_0057-1536x1024.jpg 1536w, https:\/\/judofenouillet.fr\/wp-content\/uploads\/2020\/03\/DSC_0057-2048x1365.jpg 2048w\" sizes=\"(max-width: 1024px) 100vw, 1024px\" \/><\/a><\/figure><\/li><li class=\"blocks-gallery-item\"><figure><a href=\"https:\/\/judofenouillet.fr\/index.php\/2018\/06\/20\/assemblee-generale-et-remise-des-ceintures\/dsc_0062\/\"><img loading=\"lazy\" decoding=\"async\" width=\"1024\" height=\"683\" src=\"https:\/\/judofenouillet.fr\/wp-content\/uploads\/2020\/03\/DSC_0062-1024x683.jpg\" alt=\"\" data-id=\"864\" data-link=\"https:\/\/judofenouillet.fr\/index.php\/2018\/06\/20\/assemblee-generale-et-remise-des-ceintures\/dsc_0062\/\" class=\"wp-image-864\" srcset=\"https:\/\/judofenouillet.fr\/wp-content\/uploads\/2020\/03\/DSC_0062-1024x683.jpg 1024w, https:\/\/judofenouillet.fr\/wp-content\/uploads\/2020\/03\/DSC_0062-300x200.jpg 300w, https:\/\/judofenouillet.fr\/wp-content\/uploads\/2020\/03\/DSC_0062-768x512.jpg 768w, https:\/\/judofenouillet.fr\/wp-content\/uploads\/2020\/03\/DSC_0062-1536x1024.jpg 1536w, https:\/\/judofenouillet.fr\/wp-content\/uploads\/2020\/03\/DSC_0062-2048x1365.jpg 2048w\" sizes=\"(max-width: 1024px) 100vw, 1024px\" \/><\/a><\/figure><\/li><li class=\"blocks-gallery-item\"><figure><a href=\"https:\/\/judofenouillet.fr\/index.php\/2018\/06\/20\/assemblee-generale-et-remise-des-ceintures\/dsc_0075\/\"><img loading=\"lazy\" decoding=\"async\" width=\"683\" height=\"1024\" src=\"https:\/\/judofenouillet.fr\/wp-content\/uploads\/2020\/03\/DSC_0075-683x1024.jpg\" alt=\"\" data-id=\"865\" data-link=\"https:\/\/judofenouillet.fr\/index.php\/2018\/06\/20\/assemblee-generale-et-remise-des-ceintures\/dsc_0075\/\" class=\"wp-image-865\" srcset=\"https:\/\/judofenouillet.fr\/wp-content\/uploads\/2020\/03\/DSC_0075-683x1024.jpg 683w, https:\/\/judofenouillet.fr\/wp-content\/uploads\/2020\/03\/DSC_0075-200x300.jpg 200w, https:\/\/judofenouillet.fr\/wp-content\/uploads\/2020\/03\/DSC_0075-768x1152.jpg 768w, https:\/\/judofenouillet.fr\/wp-content\/uploads\/2020\/03\/DSC_0075-1024x1536.jpg 1024w, https:\/\/judofenouillet.fr\/wp-content\/uploads\/2020\/03\/DSC_0075-1365x2048.jpg 1365w, https:\/\/judofenouillet.fr\/wp-content\/uploads\/2020\/03\/DSC_0075-scaled.jpg 1707w\" sizes=\"(max-width: 683px) 100vw, 683px\" \/><\/a><\/figure><\/li><li class=\"blocks-gallery-item\"><figure><a href=\"https:\/\/judofenouillet.fr\/index.php\/2018\/06\/20\/assemblee-generale-et-remise-des-ceintures\/dsc_0076\/\"><img loading=\"lazy\" decoding=\"async\" width=\"1024\" height=\"683\" src=\"https:\/\/judofenouillet.fr\/wp-content\/uploads\/2020\/03\/DSC_0076-1024x683.jpg\" alt=\"\" data-id=\"866\" data-link=\"https:\/\/judofenouillet.fr\/index.php\/2018\/06\/20\/assemblee-generale-et-remise-des-ceintures\/dsc_0076\/\" class=\"wp-image-866\" srcset=\"https:\/\/judofenouillet.fr\/wp-content\/uploads\/2020\/03\/DSC_0076-1024x683.jpg 1024w, https:\/\/judofenouillet.fr\/wp-content\/uploads\/2020\/03\/DSC_0076-300x200.jpg 300w, https:\/\/judofenouillet.fr\/wp-content\/uploads\/2020\/03\/DSC_0076-768x512.jpg 768w, https:\/\/judofenouillet.fr\/wp-content\/uploads\/2020\/03\/DSC_0076-1536x1024.jpg 1536w, https:\/\/judofenouillet.fr\/wp-content\/uploads\/2020\/03\/DSC_0076-2048x1365.jpg 2048w\" sizes=\"(max-width: 1024px) 100vw, 1024px\" \/><\/a><\/figure><\/li><li class=\"blocks-gallery-item\"><figure><a href=\"https:\/\/judofenouillet.fr\/index.php\/2018\/06\/20\/assemblee-generale-et-remise-des-ceintures\/dsc_0087\/\"><img loading=\"lazy\" decoding=\"async\" width=\"1024\" height=\"683\" src=\"https:\/\/judofenouillet.fr\/wp-content\/uploads\/2020\/03\/DSC_0087-1024x683.jpg\" alt=\"\" data-id=\"867\" data-link=\"https:\/\/judofenouillet.fr\/index.php\/2018\/06\/20\/assemblee-generale-et-remise-des-ceintures\/dsc_0087\/\" class=\"wp-image-867\" srcset=\"https:\/\/judofenouillet.fr\/wp-content\/uploads\/2020\/03\/DSC_0087-1024x683.jpg 1024w, https:\/\/judofenouillet.fr\/wp-content\/uploads\/2020\/03\/DSC_0087-300x200.jpg 300w, https:\/\/judofenouillet.fr\/wp-content\/uploads\/2020\/03\/DSC_0087-768x512.jpg 768w, https:\/\/judofenouillet.fr\/wp-content\/uploads\/2020\/03\/DSC_0087-1536x1024.jpg 1536w, https:\/\/judofenouillet.fr\/wp-content\/uploads\/2020\/03\/DSC_0087-2048x1365.jpg 2048w\" sizes=\"(max-width: 1024px) 100vw, 1024px\" \/><\/a><\/figure><\/li><li class=\"blocks-gallery-item\"><figure><a href=\"https:\/\/judofenouillet.fr\/index.php\/2018\/06\/20\/assemblee-generale-et-remise-des-ceintures\/dsc_0108\/\"><img loading=\"lazy\" decoding=\"async\" width=\"1024\" height=\"683\" src=\"https:\/\/judofenouillet.fr\/wp-content\/uploads\/2020\/03\/DSC_0108-1024x683.jpg\" alt=\"\" data-id=\"868\" data-link=\"https:\/\/judofenouillet.fr\/index.php\/2018\/06\/20\/assemblee-generale-et-remise-des-ceintures\/dsc_0108\/\" class=\"wp-image-868\" srcset=\"https:\/\/judofenouillet.fr\/wp-content\/uploads\/2020\/03\/DSC_0108-1024x683.jpg 1024w, https:\/\/judofenouillet.fr\/wp-content\/uploads\/2020\/03\/DSC_0108-300x200.jpg 300w, https:\/\/judofenouillet.fr\/wp-content\/uploads\/2020\/03\/DSC_0108-768x512.jpg 768w, https:\/\/judofenouillet.fr\/wp-content\/uploads\/2020\/03\/DSC_0108-1536x1024.jpg 1536w, https:\/\/judofenouillet.fr\/wp-content\/uploads\/2020\/03\/DSC_0108-2048x1365.jpg 2048w\" sizes=\"(max-width: 1024px) 100vw, 1024px\" \/><\/a><\/figure><\/li><li class=\"blocks-gallery-item\"><figure><a href=\"https:\/\/judofenouillet.fr\/index.php\/2018\/06\/20\/assemblee-generale-et-remise-des-ceintures\/dsc_0109\/\"><img loading=\"lazy\" decoding=\"async\" width=\"1024\" height=\"683\" src=\"https:\/\/judofenouillet.fr\/wp-content\/uploads\/2020\/03\/DSC_0109-1024x683.jpg\" alt=\"\" data-id=\"869\" data-link=\"https:\/\/judofenouillet.fr\/index.php\/2018\/06\/20\/assemblee-generale-et-remise-des-ceintures\/dsc_0109\/\" class=\"wp-image-869\" srcset=\"https:\/\/judofenouillet.fr\/wp-content\/uploads\/2020\/03\/DSC_0109-1024x683.jpg 1024w, https:\/\/judofenouillet.fr\/wp-content\/uploads\/2020\/03\/DSC_0109-300x200.jpg 300w, https:\/\/judofenouillet.fr\/wp-content\/uploads\/2020\/03\/DSC_0109-768x512.jpg 768w, https:\/\/judofenouillet.fr\/wp-content\/uploads\/2020\/03\/DSC_0109-1536x1024.jpg 1536w, https:\/\/judofenouillet.fr\/wp-content\/uploads\/2020\/03\/DSC_0109-2048x1365.jpg 2048w\" sizes=\"(max-width: 1024px) 100vw, 1024px\" \/><\/a><\/figure><\/li><li class=\"blocks-gallery-item\"><figure><a href=\"https:\/\/judofenouillet.fr\/index.php\/2018\/06\/20\/assemblee-generale-et-remise-des-ceintures\/dsc_0110\/\"><img loading=\"lazy\" decoding=\"async\" width=\"1024\" height=\"683\" src=\"https:\/\/judofenouillet.fr\/wp-content\/uploads\/2020\/03\/DSC_0110-1024x683.jpg\" alt=\"\" data-id=\"870\" data-link=\"https:\/\/judofenouillet.fr\/index.php\/2018\/06\/20\/assemblee-generale-et-remise-des-ceintures\/dsc_0110\/\" class=\"wp-image-870\" srcset=\"https:\/\/judofenouillet.fr\/wp-content\/uploads\/2020\/03\/DSC_0110-1024x683.jpg 1024w, https:\/\/judofenouillet.fr\/wp-content\/uploads\/2020\/03\/DSC_0110-300x200.jpg 300w, https:\/\/judofenouillet.fr\/wp-content\/uploads\/2020\/03\/DSC_0110-768x512.jpg 768w, https:\/\/judofenouillet.fr\/wp-content\/uploads\/2020\/03\/DSC_0110-1536x1024.jpg 1536w, https:\/\/judofenouillet.fr\/wp-content\/uploads\/2020\/03\/DSC_0110-2048x1365.jpg 2048w\" sizes=\"(max-width: 1024px) 100vw, 1024px\" \/><\/a><\/figure><\/li><\/ul><\/figure>\n","protected":false},"excerpt":{"rendered":"<p>Rendez vous \u00e0 18h00 au dojo pour la remise des ceintures et le bilan de la saison sportive. Nous cl\u00f4turerons la soir\u00e9e par un pot de l&rsquo;amiti\u00e9. Venez nombreux !<\/p>\n","protected":false},"author":2,"featured_media":0,"comment_status":"open","ping_status":"open","sticky":false,"template":"","format":"standard","meta":{"_jetpack_memberships_contains_paid_content":false,"footnotes":""},"categories":[16,12,4,20],"tags":[],"class_list":["post-855","post","type-post","status-publish","format-standard","hentry","category-16","category-actus","category-photos","category-statutaire"],"jetpack_featured_media_url":"","jetpack_sharing_enabled":true,"_links":{"self":[{"href":"https:\/\/judofenouillet.fr\/index.php\/wp-json\/wp\/v2\/posts\/855"}],"collection":[{"href":"https:\/\/judofenouillet.fr\/index.php\/wp-json\/wp\/v2\/posts"}],"about":[{"href":"https:\/\/judofenouillet.fr\/index.php\/wp-json\/wp\/v2\/types\/post"}],"author":[{"embeddable":true,"href":"https:\/\/judofenouillet.fr\/index.php\/wp-json\/wp\/v2\/users\/2"}],"replies":[{"embeddable":true,"href":"https:\/\/judofenouillet.fr\/index.php\/wp-json\/wp\/v2\/comments?post=855"}],"version-history":[{"count":4,"href":"https:\/\/judofenouillet.fr\/index.php\/wp-json\/wp\/v2\/posts\/855\/revisions"}],"predecessor-version":[{"id":874,"href":"https:\/\/judofenouillet.fr\/index.php\/wp-json\/wp\/v2\/posts\/855\/revisions\/874"}],"wp:attachment":[{"href":"https:\/\/judofenouillet.fr\/index.php\/wp-json\/wp\/v2\/media?parent=855"}],"wp:term":[{"taxonomy":"category","embeddable":true,"href":"https:\/\/judofenouillet.fr\/index.php\/wp-json\/wp\/v2\/categories?post=855"},{"taxonomy":"post_tag","embeddable":true,"href":"https:\/\/judofenouillet.fr\/index.php\/wp-json\/wp\/v2\/tags?post=855"}],"curies":[{"name":"wp","href":"https:\/\/api.w.org\/{rel}","templated":true}]}}